{"id":14514,"date":"2022-12-15T07:20:38","date_gmt":"2022-12-15T04:20:38","guid":{"rendered":"https:\/\/www.kenanyavuzetnografyamuzesi.org\/?p=14514\/"},"modified":"2022-12-17T07:21:15","modified_gmt":"2022-12-17T04:21:15","slug":"europa-nostra-award-given-to-kenan-yavuz-ethnography-museum","status":"publish","type":"post","link":"https:\/\/www.kenanyavuzetnografyamuzesi.org\/en\/europa-nostra-award-given-to-kenan-yavuz-ethnography-museum\/","title":{"rendered":"Europa Nostra award given to Kenan Yavuz Ethnography Museum"},"content":{"rendered":"<p>[vc_row full_width=&#8221;stretch_row&#8221; css=&#8221;.vc_custom_1598584151212{margin-bottom: 100px !important;padding-top: 40px !important;}&#8221;][vc_column offset=&#8221;vc_col-lg-9 vc_col-md-9&#8243; css=&#8221;.vc_custom_1452702342137{padding-right: 45px !important;}&#8221;][vc_custom_heading source=&#8221;post_title&#8221; use_theme_fonts=&#8221;yes&#8221; el_class=&#8221;no_stripe&#8221;][stm_post_details][vc_column_text]https:\/\/www.iha.com.tr\/bayburt-haberleri\/europa-nostra-odulu-kenan-yavuz-etnografya-muzesine-verildi-3937177\/<\/p>\n<div class=\"text-content\">\n<header>\n<h3 class=\"summary\">Avrupa Birli\u011fi K\u00fclt\u00fcr Miras\u0131 Europa Nostra b\u00fcy\u00fck \u00f6d\u00fcl\u00fc Prag\u2019da d\u00fczenlenen t\u00f6renle Kenan Yavuz Etnografya M\u00fczesine verildi.<\/h3>\n<\/header>\n<div class=\"content\">\n<p>Avrupa Birli\u011fi K\u00fclt\u00fcr Miras\u0131 Europa Nostra b\u00fcy\u00fck \u00f6d\u00fcl\u00fc Prag\u2019da d\u00fczenlenen t\u00f6renle Kenan Yavuz Etnografya M\u00fczesine verildi.<\/p>\n<p>Koruma, ara\u015ft\u0131rma, hizmet ve bilin\u00e7 geli\u015ftirme olmak \u00fczere d\u00f6rt ana kategori de verilen \u00f6d\u00fcl; somut ve somut olmayan k\u00fclt\u00fcr miras\u0131n\u0131 korumay\u0131, insanlar\u0131 kat\u0131l\u0131mc\u0131 olmaya ve sahiplenmeye te\u015fvik etmeye, uluslararas\u0131 \u00f6rnek uygulamalar\u0131 g\u00f6r\u00fcn\u00fcr k\u0131lmay\u0131 ve duyurmay\u0131 ama\u00e7l\u0131yor.<\/p>\n<p>Prag Devlet Operas\u0131nda d\u00fczenlenen t\u00f6renle \u00f6d\u00fcl\u00fc alan m\u00fcze kurucusu Kenan Yavuz, \u201c2021 y\u0131l\u0131nda Avrupa M\u00fcze Forumu taraf\u0131ndan K\u00fclt\u00fcr Miras\u0131 b\u00fcy\u00fck \u00f6d\u00fcl\u00fcn\u00fc alarak, Avrupa\u2019da Y\u0131l\u0131n M\u00fczesi se\u00e7ilen m\u00fczemizin, 2022 y\u0131l\u0131nda da; Avrupa Birli\u011fi K\u00fclt\u00fcr Miras\u0131\/Europa Nostra \u00f6d\u00fcl\u00fcne lay\u0131k g\u00f6r\u00fclmesi \u00fclkemiz ad\u0131na bizim i\u00e7in b\u00fcy\u00fck bir gurur. Anadolu bozk\u0131rlar\u0131nda, do\u011fup b\u00fcy\u00fcd\u00fc\u011f\u00fcm topra\u011f\u0131ma bir bor\u00e7 \u00f6deme projesi olarak, k\u00f6y\u00fcmde in\u015fa etti\u011fimiz m\u00fczemizin Avrupa\u2019n\u0131n en de\u011ferli \u00f6d\u00fcllerini kazanmas\u0131 m\u00fczemizin misyonunu \u00e7ok daha g\u00fc\u00e7l\u00fc \u015fekilde hem \u00fclkemizde ve hem de D\u00fcnya\u2019da duyurmas\u0131na b\u00fcy\u00fck katk\u0131 verecek. K\u00fclt\u00fcr Miras\u0131 alan\u0131nda D\u00fcnya\u2019n\u0131n en prestijli iki \u00f6d\u00fcl\u00fcne birden sahip olan ilk ve tek m\u00fcze olman\u0131n heyecan\u0131 ile Anadolu\u2019muzun kadim k\u00fclt\u00fcr\u00fcn\u00fc, uluslararas\u0131 platformlarda daha etkin ve daha g\u00fc\u00e7l\u00fc olarak tan\u0131tmaya devam edece\u011fiz. Bizi b\u00f6ylesine b\u00fcy\u00fck bir \u00f6d\u00fcle lay\u0131k g\u00f6ren Europa Nostra j\u00fcri \u00fcyeler ne, bize destek olan ba\u015fta K\u00fclt\u00fcr ve Turizm Bakanl\u0131\u011f\u0131m\u0131z ve Avrupa Birli\u011fi T\u00fcrkiye delegasyonu olmak \u00fczere t\u00fcm kurumlara ve dostlara \u00e7ok te\u015fekk\u00fcr ediyorum\u201d dedi.<\/p>\n<p>Europa Nostra taraf\u0131ndan yap\u0131lan a\u00e7\u0131klamada, \u201cKenan Yavuz Etnografya M\u00fczesi ziyaret\u00e7ilerine, yerel halk ile i\u015fbirli\u011fi i\u00e7inde tasarlanan interaktif deneyimler sunuyor, Bayburt ve Anadolu\u2019nun somut ve somut olmayan k\u00fclt\u00fcr miras\u0131n\u0131 koruyor, canl\u0131 tutuyor, yurtta\u015f kat\u0131l\u0131m\u0131 ve fark\u0131ndal\u0131k olu\u015fturma alan\u0131nda etkin \u00e7al\u0131\u015fmalar ger\u00e7ekle\u015ftiriyor. T\u00fcrkiye\u2019den \u00f6nemli bir k\u00fclt\u00fcrel miras ba\u015far\u0131s\u0131n\u0131 \u00f6d\u00fcllendirmekten mutluluk duyuyoruz\u201d denildi.<\/p>\n<p>Prag Devlet Operas\u0131nda d\u00fczenlenen t\u00f6rene Avrupa Komisyonu\u2019nun yenilik, ara\u015ft\u0131rma, k\u00fclt\u00fcr e\u011fitim ve gen\u00e7lik komisyonu ba\u015fkan\u0131 Mariya Gabriel, \u00c7ek Cumhuriyeti K\u00fclt\u00fcr Bakan\u0131 Martin Baxa, Europa Nostra Ba\u015fkan\u0131 Hermann Parzinger ve t\u00fcm Avrupa Birli\u011fi \u00fcyesi \u00fclkelerden se\u00e7kin bir davetli toplulu\u011fu kat\u0131ld\u0131.<\/p>\n<\/div>\n<\/div>\n<p>[\/vc_column_text][\/vc_column][vc_column width=&#8221;1\/4&#8243;][stm_sidebar sidebar=&#8221;8940&#8243;][\/vc_column][\/vc_row]<\/p>\n","protected":false},"excerpt":{"rendered":"<p>[vc_row full_width=&#8221;stretch_row&#8221; css=&#8221;.vc_custom_1598584151212{margin-bottom: 100px !important;padding-top: 40px !important;}&#8221;][vc_column offset=&#8221;vc_col-lg-9 vc_col-md-9&#8243; css=&#8221;.vc_custom_1452702342137{padding-right: 45px !important;}&#8221;][vc_custom_heading source=&#8221;post_title&#8221; use_theme_fonts=&#8221;yes&#8221; el_class=&#8221;no_stripe&#8221;][stm_post_details][vc_column_text]https:\/\/www.iha.com.tr\/bayburt-haberleri\/europa-nostra-odulu-kenan-yavuz-etnografya-muzesine-verildi-3937177\/ Avrupa Birli\u011fi K\u00fclt\u00fcr Miras\u0131 Europa Nostra b\u00fcy\u00fck \u00f6d\u00fcl\u00fc Prag\u2019da d\u00fczenlenen t\u00f6renle Kenan Yavuz Etnografya M\u00fczesine verildi. Avrupa Birli\u011fi K\u00fclt\u00fcr Miras\u0131 Europa Nostra b\u00fcy\u00fck \u00f6d\u00fcl\u00fc Prag\u2019da d\u00fczenlenen t\u00f6renle Kenan Yavuz Etnografya M\u00fczesine verildi. Koruma, ara\u015ft\u0131rma, hizmet ve bilin\u00e7 geli\u015ftirme olmak \u00fczere<\/p>\n","protected":false},"author":1,"featured_media":14473,"comment_status":"closed","ping_status":"closed","sticky":false,"template":"","format":"standard","meta":[],"categories":[101,102],"tags":[],"_links":{"self":[{"href":"https:\/\/www.kenanyavuzetnografyamuzesi.org\/en\/wp-json\/wp\/v2\/posts\/14514"}],"collection":[{"href":"https:\/\/www.kenanyavuzetnografyamuzesi.org\/en\/wp-json\/wp\/v2\/posts"}],"about":[{"href":"https:\/\/www.kenanyavuzetnografyamuzesi.org\/en\/wp-json\/wp\/v2\/types\/post"}],"author":[{"embeddable":true,"href":"https:\/\/www.kenanyavuzetnografyamuzesi.org\/en\/wp-json\/wp\/v2\/users\/1"}],"replies":[{"embeddable":true,"href":"https:\/\/www.kenanyavuzetnografyamuzesi.org\/en\/wp-json\/wp\/v2\/comments?post=14514"}],"version-history":[{"count":1,"href":"https:\/\/www.kenanyavuzetnografyamuzesi.org\/en\/wp-json\/wp\/v2\/posts\/14514\/revisions"}],"predecessor-version":[{"id":14515,"href":"https:\/\/www.kenanyavuzetnografyamuzesi.org\/en\/wp-json\/wp\/v2\/posts\/14514\/revisions\/14515"}],"wp:featuredmedia":[{"embeddable":true,"href":"https:\/\/www.kenanyavuzetnografyamuzesi.org\/en\/wp-json\/wp\/v2\/media\/14473"}],"wp:attachment":[{"href":"https:\/\/www.kenanyavuzetnografyamuzesi.org\/en\/wp-json\/wp\/v2\/media?parent=14514"}],"wp:term":[{"taxonomy":"category","embeddable":true,"href":"https:\/\/www.kenanyavuzetnografyamuzesi.org\/en\/wp-json\/wp\/v2\/categories?post=14514"},{"taxonomy":"post_tag","embeddable":true,"href":"https:\/\/www.kenanyavuzetnografyamuzesi.org\/en\/wp-json\/wp\/v2\/tags?post=14514"}],"curies":[{"name":"wp","href":"https:\/\/api.w.org\/{rel}","templated":true}]}}