{"id":10976,"date":"2021-06-02T02:50:22","date_gmt":"2021-06-01T23:50:22","guid":{"rendered":"https:\/\/www.kenanyavuzetnografyamuzesi.org\/?p=10976\/"},"modified":"2021-06-02T02:50:22","modified_gmt":"2021-06-01T23:50:22","slug":"cultural-revival-kenan-yavuz-museum-introduces-bayburt-folklore","status":"publish","type":"post","link":"https:\/\/www.kenanyavuzetnografyamuzesi.org\/en\/cultural-revival-kenan-yavuz-museum-introduces-bayburt-folklore\/","title":{"rendered":"Cultural revival: Kenan Yavuz Museum introduces Bayburt folklore"},"content":{"rendered":"<p>[vc_row full_width=&#8221;stretch_row&#8221; css=&#8221;.vc_custom_1598584151212{margin-bottom: 100px !important;padding-top: 40px !important;}&#8221;][vc_column offset=&#8221;vc_col-lg-9 vc_col-md-9&#8243; css=&#8221;.vc_custom_1452702342137{padding-right: 45px !important;}&#8221;][vc_custom_heading source=&#8221;post_title&#8221; use_theme_fonts=&#8221;yes&#8221; el_class=&#8221;no_stripe&#8221;][stm_post_details][vc_column_text]https:\/\/www.dailysabah.com\/arts\/cultural-revival-kenan-yavuz-museum-introduces-bayburt-folklore\/news<\/p>\n<p>Bayburt&#8217;un k\u00fclt\u00fcrel miras\u0131n\u0131 yeniden canland\u0131rma hayaliyle yola \u00e7\u0131kan T\u00fcrkiye&#8217;nin Kenan Yavuz Etnografya M\u00fczesi, y\u00f6re halk\u0131n\u0131 tan\u0131tma ve k\u0131rsal sosyal ve ekonomik ya\u015fam\u0131 canland\u0131rabilecek k\u00fclt\u00fcrel projeler haz\u0131rlamadaki ba\u015far\u0131s\u0131yla Stilletto \u00d6d\u00fcl\u00fc&#8217;n\u00fc kazand\u0131.<br \/>\nUzak bir k\u00f6yde sistematik bir b\u00fct\u00fcnl\u00fck i\u00e7inde y\u00fcr\u00fct\u00fclen etkinlikler ve zengin koleksiyonlara sahip tematik evleri ve binalar\u0131 ile k\u0131rsal ya\u015fam tarzlar\u0131n\u0131n yeniden canland\u0131r\u0131lmas\u0131 yoluyla yerel k\u00f6klere d\u00f6n\u00fc\u015f\u00fc te\u015fvik eden bir m\u00fcze hayal edin. Bu m\u00fcze, T\u00fcrkiye&#8217;nin kuzeydo\u011fusundaki Bayburt ilindeki Kenan Yavuz Etnografya M\u00fczesi&#8217;nden ba\u015fkas\u0131 de\u011fildir.<br \/>\n\u00c7oruh Nehri \u00fczerinde yer alan Bayburt, ge\u00e7mi\u015fte \u0130pek Yolu&#8217;nun \u00f6nemli merkezlerinden biriydi. \u015eehri daha \u00f6nce hi\u00e7 ziyaret etmemi\u015f olsam da Bayburt Kalesi&#8217;nden Ayd\u0131ntepe Yeralt\u0131 \u015eehri ve S\u0131rakayalar \u015eelalesi&#8217;ne kadar tarihi ve do\u011fal zenginliklerini \u00e7ok duydum. \u0130nternette biraz ara\u015ft\u0131rma yapt\u0131ktan sonra, 13. y\u00fczy\u0131lda Bayburt&#8217;u ziyaret eden bilinen ilk seyyah\u0131n Venedikli t\u00fcccar ve ka\u015fif Marco Polo oldu\u011funu da \u00f6\u011frendim.<br \/>\nM\u00fczenin k\u00f6y evinden bir d\u0131\u015f g\u00f6r\u00fcn\u00fcm. (Kenan Yavuz Etnografya M\u00fczesi&#8217;nin izniyle)<br \/>\nM\u00fczenin k\u00f6y evinden bir d\u0131\u015f g\u00f6r\u00fcn\u00fcm. (Kenan Yavuz Etnografya M\u00fczesi&#8217;nin izniyle)<br \/>\nMe\u015fhur Osmanl\u0131 seyyah\u0131 Evliya \u00c7elebi de \u015fehrin ba\u015f\u0131na gelmi\u015f ve bu tarihi Anadolu topraklar\u0131 T\u00fcrk d\u00fcnyas\u0131n\u0131n bilge atas\u0131 Dede Korkut&#8217;un destanlar\u0131nda da yer alm\u0131\u015ft\u0131r. O\u011fuz T\u00fcrkleri taraf\u0131ndan y\u00fczy\u0131llar boyunca sonraki nesillere aktar\u0131lan masallar, UNESCO taraf\u0131ndan \u0130nsanl\u0131\u011f\u0131n Somut Olmayan K\u00fclt\u00fcrel Miras\u0131n\u0131n Temsili Listesi&#8217;ne al\u0131nd\u0131.<br \/>\nAncak bu g\u00fczel \u015fehir ge\u00e7en y\u00fczy\u0131lda k\u00f6ylerden \u015fehirlere g\u00f6\u00e7 nedeniyle b\u00fcy\u00fck bir n\u00fcfus kayb\u0131 ya\u015fam\u0131\u015ft\u0131r. B\u00f6lgenin miras\u0131n\u0131 tehlikeye atan k\u00f6ylerin terk edilmesinin ard\u0131ndan \u00fclkede ya\u015fanan bu dramatik d\u00f6n\u00fc\u015f\u00fcm\u00fc g\u00f6rebilenler aras\u0131nda m\u00fczenin kurucusu Kenan Yavuz da vard\u0131. \u00d6zel Kenan Yavuz Etnografya M\u00fczesi&#8217;nin hikayesi b\u00f6yle ba\u015flad\u0131. Yavuz, do\u011fdu\u011fu topraklarda ge\u00e7mi\u015fi yeniden canland\u0131rmak istemi\u015f ve ailesiyle birlikte k\u00f6y ya\u015fam\u0131n\u0131n faydalar\u0131 konusunda fark\u0131ndal\u0131k yaratmak i\u00e7in bir k\u00fclt\u00fcr merkezi kurmu\u015ftur.<br \/>\nM\u00fczeyi ilk olarak 2019 y\u0131l\u0131nda kendi koleksiyonuyla a\u00e7an Yavuz ailesi, yerel miras\u0131n\u0131 tamamen gelecek nesillere aktararak Bayburt k\u00f6ylerinin sakinlerinin ge\u00e7mi\u015fte nas\u0131l ya\u015fad\u0131klar\u0131n\u0131 yans\u0131tmak istedi. Bu hayali ger\u00e7ekle\u015ftirmek i\u00e7in k\u00fclt\u00fcr merkezlerini bir etnografya m\u00fczesi olarak sunmaya karar verdiler. Etnografya m\u00fczeleri, farkl\u0131 insan ve k\u00fclt\u00fcrlerin geleneklerini, geleneklerini ve al\u0131\u015fkanl\u0131klar\u0131n\u0131 korumak i\u00e7in \u00f6\u011feler sergiler. Kenan Yavuz Etnografya M\u00fczesi de benzer \u015fekilde Bayburt&#8217;un ger\u00e7ek insanlar\u0131n\u0131n e\u015fyalar\u0131 \u00fczerinden ger\u00e7ek hikayelerini sergilemekte ve \u00e7e\u015fitli etkinliklerle b\u00f6lgenin yerel k\u00fclt\u00fcr\u00fcn\u00fc tan\u0131tmaktad\u0131r.<br \/>\nK\u00f6y m\u00fczesi detaylar\u0131<br \/>\nM\u00fczenin \u00e7ekirdek yap\u0131s\u0131, Kenan Yavuz&#8217;un do\u011fdu\u011fu evin bir kopyas\u0131 olan iki yatak odal\u0131 bir k\u00f6y evidir. Ziyaret\u00e7iler ilk olarak bu k\u00f6y evi m\u00fczesinin detaylar\u0131n\u0131 inceleyerek modernle\u015fme ve g\u00f6\u00e7le ba\u015flayan d\u00f6n\u00fc\u015f\u00fcm\u00fcn neden oldu\u011fu mimari tahribat\u0131 g\u00f6zlemliyor. K\u00f6y evinin i\u00e7inde ziyaret\u00e7iler, zarar g\u00f6rm\u00fc\u015f ve y\u0131k\u0131lm\u0131\u015f evlerden, eski d\u00fckk\u00e2nlardan, \u00e7iftliklerden ve civardaki terk edilmi\u015f alanlardan kurtar\u0131lan e\u015fyalarla geni\u015fletilen Yavuz ailesinin koleksiyonuna dayanan zengin bir koleksiyonu ke\u015ffediyor. Bu nesneler, 20. y\u00fczy\u0131l\u0131n ilk yar\u0131s\u0131nda bu b\u00f6lgedeki k\u0131rsal ya\u015fam\u0131 belgeliyor.<br \/>\nM\u00fczenin Dede Korkut T\u00fcrk Kimlik K\u00fct\u00fcphanesi&#8217;nde \u00e7ocuklar kitap okuyor ve inceliyor. (Kenan Yavuz Etnografya M\u00fczesi&#8217;nin izniyle)<br \/>\nM\u00fczenin k\u00f6y evinden bir i\u00e7 g\u00f6r\u00fcn\u00fcm. (Kenan Yavuz Etnografya M\u00fczesi&#8217;nin izniyle)<br \/>\nHer iki yan\u0131nda ince i\u015f\u00e7ilikle s\u00fcsl\u00fc antika kap\u0131lar\u0131n sergilendi\u011fi uzun bir koridorda ilerleyen ziyaret\u00e7iler, Bayburt&#8217;un yerel k\u00fclt\u00fcr\u00fc hakk\u0131nda daha fazla ayr\u0131nt\u0131 ke\u015ffetmeye devam ediyor. M\u00fczede amfi tiyatro ve a\u00e7\u0131k hava sinemas\u0131 da yer al\u0131rken, a\u00e7\u0131k ve kapal\u0131 sergi galerileri de atmosferini canland\u0131r\u0131yor. \u00d6rne\u011fin m\u00fcze, se\u00e7kin \u00e7ini \u00f6rneklerinin ziyaret\u00e7ileri kar\u015f\u0131lad\u0131\u011f\u0131 kal\u0131c\u0131 \u00c7inima\u00e7in te\u015fhir alan\u0131 arac\u0131l\u0131\u011f\u0131yla Bayburt Kalesi&#8217;nin kay\u0131p \u00e7inileri hakk\u0131nda bilgi vermektedir.<br \/>\nZiyaret\u00e7iler ayr\u0131ca Dede Korkut T\u00fcrk Kimlik K\u00fct\u00fcphanesi&#8217;ndeki kitaplar\u0131 \u00e7ay veya kahve e\u015fli\u011finde inceleyebilir veya m\u00fczenin k\u00f6y meydan\u0131 b\u00f6l\u00fcm\u00fcnde Bayburt g\u00fcvercinlerinin bulundu\u011fu ku\u015f evini ziyaret edebilirler.<br \/>\nKenan Yavuz Etnografya M\u00fczesi&#8217;nin \u015fa\u015f\u0131rt\u0131c\u0131 yan\u0131, ziyaret\u00e7ilerine Bayburt&#8217;la ba\u011f kurmalar\u0131n\u0131 sa\u011flamas\u0131. M\u00fczeyi ziyaret etti\u011finizde sadece b\u00f6lgenin k\u00fclt\u00fcr\u00fcn\u00fc \u00f6\u011frenmekle kalmayacak, ayn\u0131 zamanda onun bir par\u00e7as\u0131 olacaks\u0131n\u0131z. Sadece g\u00f6zlemlemek i\u00e7in de\u011fil, kat\u0131lmak i\u00e7in de burada oldu\u011funuzu hissedeceksiniz.[\/vc_column_text][\/vc_column][vc_column width=&#8221;1\/4&#8243;][stm_sidebar sidebar=&#8221;8940&#8243;][\/vc_column][\/vc_row]<\/p>\n","protected":false},"excerpt":{"rendered":"<p>[vc_row full_width=&#8221;stretch_row&#8221; css=&#8221;.vc_custom_1598584151212{margin-bottom: 100px !important;padding-top: 40px !important;}&#8221;][vc_column offset=&#8221;vc_col-lg-9 vc_col-md-9&#8243; css=&#8221;.vc_custom_1452702342137{padding-right: 45px !important;}&#8221;][vc_custom_heading source=&#8221;post_title&#8221; use_theme_fonts=&#8221;yes&#8221; el_class=&#8221;no_stripe&#8221;][stm_post_details][vc_column_text]https:\/\/www.dailysabah.com\/arts\/cultural-revival-kenan-yavuz-museum-introduces-bayburt-folklore\/news Bayburt&#8217;un k\u00fclt\u00fcrel miras\u0131n\u0131 yeniden canland\u0131rma hayaliyle yola \u00e7\u0131kan T\u00fcrkiye&#8217;nin Kenan Yavuz Etnografya M\u00fczesi, y\u00f6re halk\u0131n\u0131 tan\u0131tma ve k\u0131rsal sosyal ve ekonomik ya\u015fam\u0131 canland\u0131rabilecek k\u00fclt\u00fcrel projeler haz\u0131rlamadaki ba\u015far\u0131s\u0131yla Stilletto \u00d6d\u00fcl\u00fc&#8217;n\u00fc kazand\u0131. Uzak bir k\u00f6yde sistematik bir b\u00fct\u00fcnl\u00fck i\u00e7inde y\u00fcr\u00fct\u00fclen etkinlikler ve<\/p>\n","protected":false},"author":1,"featured_media":10974,"comment_status":"closed","ping_status":"closed","sticky":false,"template":"","format":"standard","meta":[],"categories":[101,102],"tags":[],"_links":{"self":[{"href":"https:\/\/www.kenanyavuzetnografyamuzesi.org\/en\/wp-json\/wp\/v2\/posts\/10976"}],"collection":[{"href":"https:\/\/www.kenanyavuzetnografyamuzesi.org\/en\/wp-json\/wp\/v2\/posts"}],"about":[{"href":"https:\/\/www.kenanyavuzetnografyamuzesi.org\/en\/wp-json\/wp\/v2\/types\/post"}],"author":[{"embeddable":true,"href":"https:\/\/www.kenanyavuzetnografyamuzesi.org\/en\/wp-json\/wp\/v2\/users\/1"}],"replies":[{"embeddable":true,"href":"https:\/\/www.kenanyavuzetnografyamuzesi.org\/en\/wp-json\/wp\/v2\/comments?post=10976"}],"version-history":[{"count":1,"href":"https:\/\/www.kenanyavuzetnografyamuzesi.org\/en\/wp-json\/wp\/v2\/posts\/10976\/revisions"}],"predecessor-version":[{"id":10977,"href":"https:\/\/www.kenanyavuzetnografyamuzesi.org\/en\/wp-json\/wp\/v2\/posts\/10976\/revisions\/10977"}],"wp:featuredmedia":[{"embeddable":true,"href":"https:\/\/www.kenanyavuzetnografyamuzesi.org\/en\/wp-json\/wp\/v2\/media\/10974"}],"wp:attachment":[{"href":"https:\/\/www.kenanyavuzetnografyamuzesi.org\/en\/wp-json\/wp\/v2\/media?parent=10976"}],"wp:term":[{"taxonomy":"category","embeddable":true,"href":"https:\/\/www.kenanyavuzetnografyamuzesi.org\/en\/wp-json\/wp\/v2\/categories?post=10976"},{"taxonomy":"post_tag","embeddable":true,"href":"https:\/\/www.kenanyavuzetnografyamuzesi.org\/en\/wp-json\/wp\/v2\/tags?post=10976"}],"curies":[{"name":"wp","href":"https:\/\/api.w.org\/{rel}","templated":true}]}}