{"id":10938,"date":"2021-05-16T13:08:02","date_gmt":"2021-05-16T10:08:02","guid":{"rendered":"https:\/\/www.kenanyavuzetnografyamuzesi.org\/?p=10938\/"},"modified":"2021-05-16T13:08:02","modified_gmt":"2021-05-16T10:08:02","slug":"visit-to-the-museum-of-the-year-from-governor-epcim-and-deputy-battal","status":"publish","type":"post","link":"https:\/\/www.kenanyavuzetnografyamuzesi.org\/en\/visit-to-the-museum-of-the-year-from-governor-epcim-and-deputy-battal\/","title":{"rendered":"Visit to the museum of the year from Governor Epcim and Deputy Battal"},"content":{"rendered":"<p>[vc_row full_width=&#8221;stretch_row&#8221; css=&#8221;.vc_custom_1598584151212{margin-bottom: 100px !important;padding-top: 40px !important;}&#8221;][vc_column offset=&#8221;vc_col-lg-9 vc_col-md-9&#8243; css=&#8221;.vc_custom_1452702342137{padding-right: 45px !important;}&#8221;][vc_custom_heading source=&#8221;post_title&#8221; use_theme_fonts=&#8221;yes&#8221; el_class=&#8221;no_stripe&#8221;][stm_post_details][vc_column_text]https:\/\/www.haberturk.com\/bayburt-haberleri\/87200362-vali-epcim-ve-milletvekili-battaldan-yilin-muzesine-ziyaret<\/p>\n<p class=\"summary\">Bayburt Governor C\u00fcneyt Epcim and Deputy Fetani Battal visited Kenan Yavuz Ethnography Museum in Be\u015fp\u0131nar village, which won the Silletto grand prize as the best in Europe at the European Museum of the Year Award (EMYA) competition organized by the European Museum Forum (EMF) and congratulated Kenan Yavuz and his family. they did.<br \/>\nKenan Yavuz Ethnography Museum, which is the &#8220;Museum of the Year in Europe&#8221;, won the Silletto grand prize, one of the 6 main categories in the process where the most prestigious museums of the world competed every year by the European Museum Forum, and created great excitement in Bayburt.<br \/>\nMuseum founder Kenan Yavuz said, \u201cThe award we received was given to us for creating projects that make our cultural wealth visible and contributing to social and economic life by working with local people. The grand prize came to Bayburt for the second time. The European Museum Forum has awarded three museums from Turkey so far in its history, and two of these museums came out of Bayburt. Our Baks\u0131 Museum in 2014 and our Ethnography Museum in 2021 won the \u201cMuseum of the Year\u201d award in their respective categories.<br \/>\nOur Bayburt Governor C\u00fcneyt Epcim and our Deputy Fetani Battal, who supported us intensely in the process, visited our museum to share our happiness. We consulted on our \u201cLoru Han\u201d project and the future studies that were walking with them and talked about the need for more work as part of the responsibility imposed on us by the award \u201d.<br \/>\nKenan Yavuz said, \u201cDue to the pandemic conditions, the 2020 awards were not announced and expected. When the pandemic extended, the results of the two years were announced together. In the process where nearly 200 museums competed across Europe, our \u00c7anakkale Troy Museum for 2020 and Eski\u015fehir Odunpazar\u0131 Museum for 2021 successfully represented our country and received honorable mentions. As Kenan Yavuz Ethnography Museum, we received the \u201cmuseum of the year\u201d grand prize in our category. There have been proud developments in terms of Turkish museology. We; From Be\u015fp\u0131nar, a village in Bayburt; We are proud to be a concrete example of how we can reach the top in Europe by staying in Anatolia.<br \/>\nWe have shown that the way to success is not by imitating others, but by adhering to our own ancient culture. From here, it is a great honor for us that our message from our village is internationally recognized and crowned with the world&#8217;s most prestigious award. By staying, staying in Anatolia, we brought the beauty of our essence to the world. &#8221; gave his statements.<\/p>\n<p>[\/vc_column_text][\/vc_column][vc_column width=&#8221;1\/4&#8243;][stm_sidebar sidebar=&#8221;8940&#8243;][\/vc_column][\/vc_row]<\/p>\n","protected":false},"excerpt":{"rendered":"<p>[vc_row full_width=&#8221;stretch_row&#8221; css=&#8221;.vc_custom_1598584151212{margin-bottom: 100px !important;padding-top: 40px !important;}&#8221;][vc_column offset=&#8221;vc_col-lg-9 vc_col-md-9&#8243; css=&#8221;.vc_custom_1452702342137{padding-right: 45px !important;}&#8221;][vc_custom_heading source=&#8221;post_title&#8221; use_theme_fonts=&#8221;yes&#8221; el_class=&#8221;no_stripe&#8221;][stm_post_details][vc_column_text]https:\/\/www.haberturk.com\/bayburt-haberleri\/87200362-vali-epcim-ve-milletvekili-battaldan-yilin-muzesine-ziyaret Bayburt Governor C\u00fcneyt Epcim and Deputy Fetani Battal visited Kenan Yavuz Ethnography Museum in Be\u015fp\u0131nar village, which won the Silletto grand prize as the best in Europe at the European Museum of the Year Award (EMYA) competition organized by the<\/p>\n","protected":false},"author":1,"featured_media":10933,"comment_status":"closed","ping_status":"closed","sticky":false,"template":"","format":"standard","meta":[],"categories":[101,102],"tags":[],"_links":{"self":[{"href":"https:\/\/www.kenanyavuzetnografyamuzesi.org\/en\/wp-json\/wp\/v2\/posts\/10938"}],"collection":[{"href":"https:\/\/www.kenanyavuzetnografyamuzesi.org\/en\/wp-json\/wp\/v2\/posts"}],"about":[{"href":"https:\/\/www.kenanyavuzetnografyamuzesi.org\/en\/wp-json\/wp\/v2\/types\/post"}],"author":[{"embeddable":true,"href":"https:\/\/www.kenanyavuzetnografyamuzesi.org\/en\/wp-json\/wp\/v2\/users\/1"}],"replies":[{"embeddable":true,"href":"https:\/\/www.kenanyavuzetnografyamuzesi.org\/en\/wp-json\/wp\/v2\/comments?post=10938"}],"version-history":[{"count":1,"href":"https:\/\/www.kenanyavuzetnografyamuzesi.org\/en\/wp-json\/wp\/v2\/posts\/10938\/revisions"}],"predecessor-version":[{"id":10939,"href":"https:\/\/www.kenanyavuzetnografyamuzesi.org\/en\/wp-json\/wp\/v2\/posts\/10938\/revisions\/10939"}],"wp:featuredmedia":[{"embeddable":true,"href":"https:\/\/www.kenanyavuzetnografyamuzesi.org\/en\/wp-json\/wp\/v2\/media\/10933"}],"wp:attachment":[{"href":"https:\/\/www.kenanyavuzetnografyamuzesi.org\/en\/wp-json\/wp\/v2\/media?parent=10938"}],"wp:term":[{"taxonomy":"category","embeddable":true,"href":"https:\/\/www.kenanyavuzetnografyamuzesi.org\/en\/wp-json\/wp\/v2\/categories?post=10938"},{"taxonomy":"post_tag","embeddable":true,"href":"https:\/\/www.kenanyavuzetnografyamuzesi.org\/en\/wp-json\/wp\/v2\/tags?post=10938"}],"curies":[{"name":"wp","href":"https:\/\/api.w.org\/{rel}","templated":true}]}}