{"id":10151,"date":"2018-12-22T08:50:55","date_gmt":"2018-12-22T05:50:55","guid":{"rendered":"https:\/\/kenanyavuzetnografyamuzesi.org\/bayburt-klibi-sosyal-medyada-ilgi-goruyor\/"},"modified":"2020-09-07T07:37:51","modified_gmt":"2020-09-07T04:37:51","slug":"bayburt-clip-draws-interest-on-social-media","status":"publish","type":"post","link":"https:\/\/www.kenanyavuzetnografyamuzesi.org\/en\/bayburt-clip-draws-interest-on-social-media\/","title":{"rendered":"Bayburt Clip Draws Interest on Social Media"},"content":{"rendered":"<p>[vc_row full_width=&#8221;stretch_row&#8221; css=&#8221;.vc_custom_1598584151212{margin-bottom: 100px !important;padding-top: 40px !important;}&#8221;][vc_column offset=&#8221;vc_col-lg-9 vc_col-md-9&#8243; css=&#8221;.vc_custom_1452702342137{padding-right: 45px !important;}&#8221;][vc_custom_heading source=&#8221;post_title&#8221; use_theme_fonts=&#8221;yes&#8221; el_class=&#8221;no_stripe&#8221;][stm_post_details][vc_column_text css=&#8221;.vc_custom_1598680320136{margin-bottom: 20px !important;}&#8221;]<strong>Kenan Yavuz K\u00fclt\u00fcrevi \u00f6nc\u00fcl\u00fc\u011f\u00fcnde, Bayburt Bilim E\u011fitim ve K\u00fclt\u00fcr Derne\u011finin (BEKDER) katk\u0131lar\u0131yla Bayburt&#8217;un k\u00fclt\u00fcrel de\u011ferleri ile tarihi dokusunun korumas\u0131na dikkati \u00e7ekmek i\u00e7in \u00e7ekilen &#8220;\u00c7oruh T\u00fcrk\u00fc S\u00f6yler Bayburt&#8217;a&#8221; adl\u0131 klip sosyal medyada milyonlarca kez izlendi.<\/strong><\/p>\n<p>Kenan Yavuz K\u00fclt\u00fcrevi \u00f6nc\u00fcl\u00fc\u011f\u00fcnde, Bayburt Bilim E\u011fitim ve K\u00fclt\u00fcr Derne\u011finin (BEKDER) katk\u0131lar\u0131yla Bayburt&#8217;un k\u00fclt\u00fcrel de\u011ferleri ile tarihi dokusunun korumas\u0131na dikkati \u00e7ekmek i\u00e7in \u00e7ekilen &#8220;\u00c7oruh T\u00fcrk\u00fc S\u00f6yler Bayburt&#8217;a&#8221; adl\u0131 klip sosyal medyada milyonlarca kez izlendi.<br \/>\nBayburt Valisi Ali Hamza Pehlivan ile halk m\u00fczi\u011fi sanat\u00e7\u0131s\u0131 Erdal Erzincan&#8217;\u0131n da aralar\u0131nda bulundu\u011fu 100\u2019\u00fcn \u00fczerinde kat\u0131l\u0131mc\u0131n\u0131n seslendirdi\u011fi klipte Bayburt y\u00f6resine ait &#8220;Giderim Yolum Da\u011fd\u0131r&#8221;, &#8220;Al \u00c7uha Mavi \u00c7uha&#8221; ve &#8220;Kalaya Kazlar Gelir&#8221; t\u00fcrk\u00fcleri \u00e7e\u015fitli enstr\u00fcmanlarla \u00e7al\u0131narak seslendirildi.<\/p>\n<p><a href=\"https:\/\/www.haberturk.com\/bayburt-haberleri\/65583808-bayburt-klibi-sosyal-medyada-ilgi-goruyor#\">https:\/\/www.haberturk.com\/bayburt-haberleri\/65583808-bayburt-klibi-sosyal-medyada-ilgi-goruyor#<\/a>[\/vc_column_text][stm_share_buttons css=&#8221;.vc_custom_1598590155280{padding-top: 20px !important;padding-bottom: 20px !important;}&#8221;][\/vc_column][vc_column width=&#8221;1\/4&#8243; offset=&#8221;vc_hidden-sm vc_hidden-xs&#8221;][stm_sidebar sidebar=&#8221;8940&#8243;][\/vc_column][\/vc_row]<\/p>\n","protected":false},"excerpt":{"rendered":"<p>[vc_row full_width=&#8221;stretch_row&#8221; css=&#8221;.vc_custom_1598584151212{margin-bottom: 100px !important;padding-top: 40px !important;}&#8221;][vc_column offset=&#8221;vc_col-lg-9 vc_col-md-9&#8243; css=&#8221;.vc_custom_1452702342137{padding-right: 45px !important;}&#8221;][vc_custom_heading source=&#8221;post_title&#8221; use_theme_fonts=&#8221;yes&#8221; el_class=&#8221;no_stripe&#8221;][stm_post_details][vc_column_text css=&#8221;.vc_custom_1598680320136{margin-bottom: 20px !important;}&#8221;]Kenan Yavuz K\u00fclt\u00fcrevi \u00f6nc\u00fcl\u00fc\u011f\u00fcnde, Bayburt Bilim E\u011fitim ve K\u00fclt\u00fcr Derne\u011finin (BEKDER) katk\u0131lar\u0131yla Bayburt&#8217;un k\u00fclt\u00fcrel de\u011ferleri ile tarihi dokusunun korumas\u0131na dikkati \u00e7ekmek i\u00e7in \u00e7ekilen &#8220;\u00c7oruh T\u00fcrk\u00fc S\u00f6yler Bayburt&#8217;a&#8221; adl\u0131 klip sosyal medyada milyonlarca kez izlendi. Kenan Yavuz K\u00fclt\u00fcrevi \u00f6nc\u00fcl\u00fc\u011f\u00fcnde,<\/p>\n","protected":false},"author":1,"featured_media":0,"comment_status":"closed","ping_status":"closed","sticky":false,"template":"","format":"standard","meta":[],"categories":[102],"tags":[],"_links":{"self":[{"href":"https:\/\/www.kenanyavuzetnografyamuzesi.org\/en\/wp-json\/wp\/v2\/posts\/10151"}],"collection":[{"href":"https:\/\/www.kenanyavuzetnografyamuzesi.org\/en\/wp-json\/wp\/v2\/posts"}],"about":[{"href":"https:\/\/www.kenanyavuzetnografyamuzesi.org\/en\/wp-json\/wp\/v2\/types\/post"}],"author":[{"embeddable":true,"href":"https:\/\/www.kenanyavuzetnografyamuzesi.org\/en\/wp-json\/wp\/v2\/users\/1"}],"replies":[{"embeddable":true,"href":"https:\/\/www.kenanyavuzetnografyamuzesi.org\/en\/wp-json\/wp\/v2\/comments?post=10151"}],"version-history":[{"count":0,"href":"https:\/\/www.kenanyavuzetnografyamuzesi.org\/en\/wp-json\/wp\/v2\/posts\/10151\/revisions"}],"wp:attachment":[{"href":"https:\/\/www.kenanyavuzetnografyamuzesi.org\/en\/wp-json\/wp\/v2\/media?parent=10151"}],"wp:term":[{"taxonomy":"category","embeddable":true,"href":"https:\/\/www.kenanyavuzetnografyamuzesi.org\/en\/wp-json\/wp\/v2\/categories?post=10151"},{"taxonomy":"post_tag","embeddable":true,"href":"https:\/\/www.kenanyavuzetnografyamuzesi.org\/en\/wp-json\/wp\/v2\/tags?post=10151"}],"curies":[{"name":"wp","href":"https:\/\/api.w.org\/{rel}","templated":true}]}}