{"id":10105,"date":"2019-11-05T14:10:53","date_gmt":"2019-11-05T11:10:53","guid":{"rendered":"https:\/\/kenanyavuzetnografyamuzesi.org\/yeni-mekanlarimizi-ziyarete-actik\/"},"modified":"2020-09-07T07:07:44","modified_gmt":"2020-09-07T04:07:44","slug":"we-opened-our-new-places-to-visit","status":"publish","type":"post","link":"https:\/\/www.kenanyavuzetnografyamuzesi.org\/en\/we-opened-our-new-places-to-visit\/","title":{"rendered":"We Opened Our New Places To Visit"},"content":{"rendered":"<p>[vc_row full_width=&#8221;stretch_row&#8221; css=&#8221;.vc_custom_1598584151212{margin-bottom: 100px !important;padding-top: 40px !important;}&#8221;][vc_column offset=&#8221;vc_col-lg-9 vc_col-md-9&#8243; css=&#8221;.vc_custom_1452702342137{padding-right: 45px !important;}&#8221;][vc_custom_heading source=&#8221;post_title&#8221; use_theme_fonts=&#8221;yes&#8221; el_class=&#8221;no_stripe&#8221;][stm_post_details][vc_media_grid element_width=&#8221;3&#8243; gap=&#8221;2&#8243; grid_id=&#8221;vc_gid:1599304323470-073faadd-1d6a-0&#8243; include=&#8221;9482,9483,9484,9485,9486&#8243;][vc_column_text css=&#8221;.vc_custom_1599303039843{margin-bottom: 20px !important;}&#8221;]\u00c7ocuklara\u00a0sinema keyfi sunmaya devam ediyoruz. Kenan Yavuz K\u00fclt\u00fcr Evi ve Etnografya M\u00fczesi&#8217;nde bulunan\u00a0250 ki\u015filik amfi yine Bayburt\u2019un \u00e7ocuklar\u0131n\u0131 a\u011f\u0131rlad\u0131.<\/p>\n<p>Be\u015fp\u0131nar K\u00f6y\u00fc\u2019nde yap\u0131lan anonslar sonras\u0131 \u00f6zellikle k\u00f6y \u00e7ocuklar\u0131n\u0131n \u00f6zel ilgi g\u00f6sterdi\u011fi film g\u00f6sterisine Bayburt merkezden ve \u00e7evre k\u00f6ylerden de kat\u0131l\u0131m oldu. Aileleri ile birlikte Kenan Yavuz K\u00fclt\u00fcr Evi ve Etno\u011frafya M\u00fczesi\u2019ne gelen \u00e7ocuklar sergilenen eserleri gezdikten sonra yakla\u015f\u0131k 2 saat sinema keyfi ya\u015fad\u0131.<\/p>\n<p>Kurucumuz\u00a0i\u015f adam\u0131 Kenan Yavuz, k\u00fclt\u00fcr evinin bir misyonunun da gen\u00e7lere ve \u00e7ocuklara sosyal ve k\u00fclt\u00fcrel a\u00e7\u0131dan \u00e7e\u015fitli alternatifler sunmak oldu\u011funu belirtti.<\/p>\n<p>Yavuz, amac\u0131n\u0131n, \u00f6ncelikle \u00e7ocuklara do\u011fduklar\u0131 topraklar\u0131 sevdirmeye \u00e7al\u0131\u015fmak oldu\u011funa dikkati \u00e7ekerek, \u015f\u00f6yle devam etti:<\/p>\n<p>&#8220;\u00c7ocuklar\u0131m\u0131z\u0131n ya\u015famlar\u0131n\u0131 gelecekte de burada idame ettirebilecekleri d\u00fc\u015f\u00fcncesini olu\u015fturmaya \u00e7al\u0131\u015f\u0131yoruz. Zira b\u00fcy\u00fck kentin cazibesi ve modern ya\u015fam\u0131 \u00e7ocuklar\u0131m\u0131z\u0131, gen\u00e7lerimizi inan\u0131lmaz \u015fekilde cezbediyor. Bu cazibe maalesef n\u00fcfusun giderek azalmas\u0131na neden oluyor. Bu sosyal bir problem ve bu sorunu mutlaka toplum olarak yenmemiz laz\u0131m. Nitelikli, kaliteli, yeti\u015fmi\u015f gen\u00e7lerin \u00fcniversitelerden mezun olduktan sonra da kendi topraklar\u0131nda kalmalar\u0131n\u0131 ve bu topraklarda \u00fcretime y\u00f6nelik \u015feyler yapmalar\u0131n\u0131 sa\u011flamal\u0131y\u0131z.&#8221;[\/vc_column_text][stm_share_buttons css=&#8221;.vc_custom_1598590155280{padding-top: 20px !important;padding-bottom: 20px !important;}&#8221;][\/vc_column][vc_column width=&#8221;1\/4&#8243; offset=&#8221;vc_hidden-sm vc_hidden-xs&#8221;][stm_sidebar sidebar=&#8221;8940&#8243;][\/vc_column][\/vc_row]<\/p>\n","protected":false},"excerpt":{"rendered":"<p>[vc_row full_width=&#8221;stretch_row&#8221; css=&#8221;.vc_custom_1598584151212{margin-bottom: 100px !important;padding-top: 40px !important;}&#8221;][vc_column offset=&#8221;vc_col-lg-9 vc_col-md-9&#8243; css=&#8221;.vc_custom_1452702342137{padding-right: 45px !important;}&#8221;][vc_custom_heading source=&#8221;post_title&#8221; use_theme_fonts=&#8221;yes&#8221; el_class=&#8221;no_stripe&#8221;][stm_post_details][vc_media_grid element_width=&#8221;3&#8243; gap=&#8221;2&#8243; grid_id=&#8221;vc_gid:1599304323470-073faadd-1d6a-0&#8243; include=&#8221;9482,9483,9484,9485,9486&#8243;][vc_column_text css=&#8221;.vc_custom_1599303039843{margin-bottom: 20px !important;}&#8221;]\u00c7ocuklara\u00a0sinema keyfi sunmaya devam ediyoruz. Kenan Yavuz K\u00fclt\u00fcr Evi ve Etnografya M\u00fczesi&#8217;nde bulunan\u00a0250 ki\u015filik amfi yine Bayburt\u2019un \u00e7ocuklar\u0131n\u0131 a\u011f\u0131rlad\u0131. Be\u015fp\u0131nar K\u00f6y\u00fc\u2019nde yap\u0131lan anonslar sonras\u0131 \u00f6zellikle k\u00f6y \u00e7ocuklar\u0131n\u0131n \u00f6zel ilgi g\u00f6sterdi\u011fi film g\u00f6sterisine Bayburt merkezden<\/p>\n","protected":false},"author":1,"featured_media":9481,"comment_status":"closed","ping_status":"closed","sticky":false,"template":"","format":"standard","meta":[],"categories":[102],"tags":[],"_links":{"self":[{"href":"https:\/\/www.kenanyavuzetnografyamuzesi.org\/en\/wp-json\/wp\/v2\/posts\/10105"}],"collection":[{"href":"https:\/\/www.kenanyavuzetnografyamuzesi.org\/en\/wp-json\/wp\/v2\/posts"}],"about":[{"href":"https:\/\/www.kenanyavuzetnografyamuzesi.org\/en\/wp-json\/wp\/v2\/types\/post"}],"author":[{"embeddable":true,"href":"https:\/\/www.kenanyavuzetnografyamuzesi.org\/en\/wp-json\/wp\/v2\/users\/1"}],"replies":[{"embeddable":true,"href":"https:\/\/www.kenanyavuzetnografyamuzesi.org\/en\/wp-json\/wp\/v2\/comments?post=10105"}],"version-history":[{"count":0,"href":"https:\/\/www.kenanyavuzetnografyamuzesi.org\/en\/wp-json\/wp\/v2\/posts\/10105\/revisions"}],"wp:featuredmedia":[{"embeddable":true,"href":"https:\/\/www.kenanyavuzetnografyamuzesi.org\/en\/wp-json\/wp\/v2\/media\/9481"}],"wp:attachment":[{"href":"https:\/\/www.kenanyavuzetnografyamuzesi.org\/en\/wp-json\/wp\/v2\/media?parent=10105"}],"wp:term":[{"taxonomy":"category","embeddable":true,"href":"https:\/\/www.kenanyavuzetnografyamuzesi.org\/en\/wp-json\/wp\/v2\/categories?post=10105"},{"taxonomy":"post_tag","embeddable":true,"href":"https:\/\/www.kenanyavuzetnografyamuzesi.org\/en\/wp-json\/wp\/v2\/tags?post=10105"}],"curies":[{"name":"wp","href":"https:\/\/api.w.org\/{rel}","templated":true}]}}