{"id":10063,"date":"2020-06-25T15:51:02","date_gmt":"2020-06-25T12:51:02","guid":{"rendered":"https:\/\/kenanyavuzetnografyamuzesi.org\/bayburt-valimiz-sayin-cuneyt-epcim-muzemizi-ziyaret-etti\/"},"modified":"2020-09-09T06:11:16","modified_gmt":"2020-09-09T03:11:16","slug":"our-bayburt-governor-mr-cuneyt-epcim-visited-our-museum","status":"publish","type":"post","link":"https:\/\/www.kenanyavuzetnografyamuzesi.org\/en\/our-bayburt-governor-mr-cuneyt-epcim-visited-our-museum\/","title":{"rendered":"Our Bayburt Governor Mr. C\u00fcneyt Ep\u00e7im visited our museum"},"content":{"rendered":"<p>[vc_row full_width=&#8221;stretch_row&#8221; css=&#8221;.vc_custom_1598584151212{margin-bottom: 100px !important;padding-top: 40px !important;}&#8221;][vc_column offset=&#8221;vc_col-lg-9 vc_col-md-9&#8243; css=&#8221;.vc_custom_1452702342137{padding-right: 45px !important;}&#8221;][vc_custom_heading source=&#8221;post_title&#8221; use_theme_fonts=&#8221;yes&#8221; el_class=&#8221;no_stripe&#8221;][stm_post_details][vc_media_grid element_width=&#8221;3&#8243; gap=&#8221;2&#8243; grid_id=&#8221;vc_gid:1599620344014-ffe9c662-cb11-1&#8243; include=&#8221;9524,9525,9526&#8243;][vc_column_text css=&#8221;.vc_custom_1599311259429{margin-bottom: 20px !important;}&#8221;]Bayburt Valimiz Say\u0131n C\u00fcneyt Ep\u00e7im m\u00fczemizi ziyaret etti. Gelecek yap\u0131lanmam\u0131z ve kurumsalla\u015fma ile ilgili g\u00f6r\u00fc\u015fleri ve deste\u011fi i\u00e7in te\u015fekk\u00fcr ediyoruz.<\/p>\n<p><a href=\"https:\/\/twitter.com\/KenanYavuzCEO\/status\/1275839600267845634\">https:\/\/twitter.com\/KenanYavuzCEO\/status\/1275839600267845634<\/a>[\/vc_column_text][stm_share_buttons css=&#8221;.vc_custom_1598590155280{padding-top: 20px !important;padding-bottom: 20px !important;}&#8221;][\/vc_column][vc_column width=&#8221;1\/4&#8243;][stm_sidebar sidebar=&#8221;8940&#8243;][\/vc_column][\/vc_row]<\/p>\n","protected":false},"excerpt":{"rendered":"<p>[vc_row full_width=&#8221;stretch_row&#8221; css=&#8221;.vc_custom_1598584151212{margin-bottom: 100px !important;padding-top: 40px !important;}&#8221;][vc_column offset=&#8221;vc_col-lg-9 vc_col-md-9&#8243; css=&#8221;.vc_custom_1452702342137{padding-right: 45px !important;}&#8221;][vc_custom_heading source=&#8221;post_title&#8221; use_theme_fonts=&#8221;yes&#8221; el_class=&#8221;no_stripe&#8221;][stm_post_details][vc_media_grid element_width=&#8221;3&#8243; gap=&#8221;2&#8243; grid_id=&#8221;vc_gid:1599620344014-ffe9c662-cb11-1&#8243; include=&#8221;9524,9525,9526&#8243;][vc_column_text css=&#8221;.vc_custom_1599311259429{margin-bottom: 20px !important;}&#8221;]Bayburt Valimiz Say\u0131n C\u00fcneyt Ep\u00e7im m\u00fczemizi ziyaret etti. Gelecek yap\u0131lanmam\u0131z ve kurumsalla\u015fma ile ilgili g\u00f6r\u00fc\u015fleri ve deste\u011fi i\u00e7in te\u015fekk\u00fcr ediyoruz. https:\/\/twitter.com\/KenanYavuzCEO\/status\/1275839600267845634[\/vc_column_text][stm_share_buttons css=&#8221;.vc_custom_1598590155280{padding-top: 20px !important;padding-bottom: 20px !important;}&#8221;][\/vc_column][vc_column width=&#8221;1\/4&#8243;][stm_sidebar sidebar=&#8221;8940&#8243;][\/vc_column][\/vc_row]<\/p>\n","protected":false},"author":1,"featured_media":9527,"comment_status":"closed","ping_status":"closed","sticky":false,"template":"","format":"standard","meta":[],"categories":[102],"tags":[],"_links":{"self":[{"href":"https:\/\/www.kenanyavuzetnografyamuzesi.org\/en\/wp-json\/wp\/v2\/posts\/10063"}],"collection":[{"href":"https:\/\/www.kenanyavuzetnografyamuzesi.org\/en\/wp-json\/wp\/v2\/posts"}],"about":[{"href":"https:\/\/www.kenanyavuzetnografyamuzesi.org\/en\/wp-json\/wp\/v2\/types\/post"}],"author":[{"embeddable":true,"href":"https:\/\/www.kenanyavuzetnografyamuzesi.org\/en\/wp-json\/wp\/v2\/users\/1"}],"replies":[{"embeddable":true,"href":"https:\/\/www.kenanyavuzetnografyamuzesi.org\/en\/wp-json\/wp\/v2\/comments?post=10063"}],"version-history":[{"count":0,"href":"https:\/\/www.kenanyavuzetnografyamuzesi.org\/en\/wp-json\/wp\/v2\/posts\/10063\/revisions"}],"wp:featuredmedia":[{"embeddable":true,"href":"https:\/\/www.kenanyavuzetnografyamuzesi.org\/en\/wp-json\/wp\/v2\/media\/9527"}],"wp:attachment":[{"href":"https:\/\/www.kenanyavuzetnografyamuzesi.org\/en\/wp-json\/wp\/v2\/media?parent=10063"}],"wp:term":[{"taxonomy":"category","embeddable":true,"href":"https:\/\/www.kenanyavuzetnografyamuzesi.org\/en\/wp-json\/wp\/v2\/categories?post=10063"},{"taxonomy":"post_tag","embeddable":true,"href":"https:\/\/www.kenanyavuzetnografyamuzesi.org\/en\/wp-json\/wp\/v2\/tags?post=10063"}],"curies":[{"name":"wp","href":"https:\/\/api.w.org\/{rel}","templated":true}]}}